{"id":1657,"date":"2023-06-20T16:16:37","date_gmt":"2023-06-20T16:16:37","guid":{"rendered":"https:\/\/rawmco.com\/precios-moderados-para-los-alimentos\/"},"modified":"2023-06-20T16:16:37","modified_gmt":"2023-06-20T16:16:37","slug":"precios-moderados-para-los-alimentos","status":"publish","type":"post","link":"https:\/\/rawmco.com\/en\/precios-moderados-para-los-alimentos\/","title":{"rendered":"Precios moderados para los alimentos"},"content":{"rendered":"\n<p>Los precios de los alimentos registraron un incremento bajo durante el a\u00f1o pasado y se espera que en el 2018 tambi\u00e9n sean un aliado del Gobierno y la junta del Banco de la Rep\u00fablica para que se cumpla con el objetivo de inflaci\u00f3n.<br>Durante el 2017 el IPC de este grupo fue del 1,92%, en gran parte por el efecto base que se ten\u00eda del 2016 cuando el incremento super\u00f3 el 15%. Sin embargo, este a\u00f1o la base comparativa ser\u00e1 inferior a la que se tuvo el a\u00f1o pasado, por lo cual el rol que jueguen los alimentos ser\u00e1 crucial para lograr llevar la inflaci\u00f3n al 3%.<br>Para Jos\u00e9 Antonio Ocampo, codirector del Banco de la Rep\u00fablica, hay optimismo de que los precios de los alimentos tengan un comportamiento favorable durante el a\u00f1o, aunque reconoce que podr\u00edan ser superiores a los que se registraron durante el 2017.<br>\u201cHay un riesgo de que sean m\u00e1s altos dado que corrigi\u00f3 mucho frente al 2016, pero las condiciones clim\u00e1ticas y la oferta est\u00e1n ayudando a que el comportamiento sea positivo\u201d.<br>De otro lado desde Corabastos, explican que en el inicio del 2018 las perspectivas son positivas, pero que no se puede especular sobre comportamiento de los precios el resto del a\u00f1o ya que depender\u00e1 del desempe\u00f1o de las cosechas y otros factores externos que tienen influencia en esa variable.<\/p>\n\n\n\n<p>\u201cLuego de las festividades del 31 y primero de enero, ya se normaliz\u00f3 la oferta de todos los alimentos aqu\u00ed en Corabastos. Se regul\u00f3 la disponibilidad de pescado tanto de r\u00edo como de mar, y de tub\u00e9rculos como la papa. No se puede predecir si el resto del a\u00f1o los alimentos van a estar caros o baratos porque eso depende de que se cumplan las cosechas, pero si esto sucede tendremos una oferta \u2018normal\u2019\u201d, dijo la central de abastos.<\/p>\n\n\n\n<p>Por su parte, para el analista econ\u00f3mico, Luis Alberto Rodr\u00edguez, \u201csin duda, la normalizaci\u00f3n de las condiciones clim\u00e1ticas fue un factor determinante para el comportamiento favorable de los precios de los alimentos durante el 2017 y se pronostica que contin\u00fae siendo as\u00ed en el 2018. Esto tendr\u00e1 impactos positivos en el \u00cdndice de Precios del Consumidor y, en particular, influir\u00e1 para que la variaci\u00f3n de este vuelva al rango meta en el 2018\u201d.<\/p>\n\n\n\n<p>Finalmente, Ocampo se\u00f1al\u00f3 que el grupo de alimentos no es el que mayor preocupaci\u00f3n genera en la junta, pues indic\u00f3 que \u201cprestamos mucha atenci\u00f3n al desempe\u00f1o de las inflaciones b\u00e1sicas que son las que nos dan una mejor visi\u00f3n de lo que est\u00e1 pasando con los precios\u201d. El pr\u00f3ximo lunes 29 ser\u00e1 la reuni\u00f3n de pol\u00edtica monetaria del Emisor en la que se discutir\u00e1n los resultados del 2017.<\/p>\n\n\n\n<p>DE VUELTA AL RANGO META<\/p>\n\n\n\n<p>Los precios del grupo de alimentos hab\u00edan generado presiones inflacionarias entre 2014 y 2016. Por ejemplo, tuvieron un crecimiento anual de 7,22% en 2016.<\/p>\n\n\n\n<p>Consecuentemente, de acuerdo con la senda de disminuci\u00f3n en que se encuentran los precios de este sector, la inflaci\u00f3n volver\u00e1 al rango meta del Banco de la Rep\u00fablica en el 2018, entre 3% y 4%. Vale la pena se\u00f1alar que as\u00ed se evidenci\u00f3 en el 2017, cuando la inflaci\u00f3n cerr\u00f3 en 4,09% gracias a la modesta variaci\u00f3n anual de 1,92% que tuvo el grupo de alimentos durante ese a\u00f1o.<\/p>\n\n\n\n<p>Como se recordar\u00e1 la junta del Emisor se reunir\u00e1 una vez al mes como es usual, pero se planea que tome decisiones de tasas solo en ocho ocasiones.<\/p>\n\n\n\n<p>Fuente: Portafolio<\/p>\n","protected":false},"excerpt":{"rendered":"<p>Los precios de los alimentos registraron un incremento bajo durante el a\u00f1o pasado y se espera que en el 2018&#8230;<\/p>\n","protected":false},"author":2,"featured_media":996,"comment_status":"open","ping_status":"open","sticky":false,"template":"","format":"standard","meta":[],"categories":[33],"tags":[],"yoast_head":"<!-- This site is optimized with the Yoast SEO plugin v20.11 - https:\/\/yoast.com\/wordpress\/plugins\/seo\/ -->\n<title>Precios moderados para los alimentos - Rawmco<\/title>\n<meta name=\"robots\" content=\"index, follow, max-snippet:-1, max-image-preview:large, max-video-preview:-1\" \/>\n<link rel=\"canonical\" href=\"https:\/\/rawmco.com\/en\/precios-moderados-para-los-alimentos\/\" \/>\n<meta property=\"og:locale\" content=\"en_US\" \/>\n<meta property=\"og:type\" content=\"article\" \/>\n<meta property=\"og:title\" content=\"Precios moderados para los alimentos - Rawmco\" \/>\n<meta property=\"og:description\" content=\"Los precios de los alimentos registraron un incremento bajo durante el a\u00f1o pasado y se espera que en el 2018...\" \/>\n<meta property=\"og:url\" content=\"https:\/\/rawmco.com\/en\/precios-moderados-para-los-alimentos\/\" \/>\n<meta property=\"og:site_name\" content=\"Rawmco\" \/>\n<meta property=\"article:published_time\" content=\"2023-06-20T16:16:37+00:00\" \/>\n<meta name=\"author\" content=\"jorgesalazq@gmail.com\" \/>\n<meta name=\"twitter:card\" content=\"summary_large_image\" \/>\n<meta name=\"twitter:label1\" content=\"Written by\" \/>\n\t<meta name=\"twitter:data1\" content=\"jorgesalazq@gmail.com\" \/>\n\t<meta name=\"twitter:label2\" content=\"Est. reading time\" \/>\n\t<meta name=\"twitter:data2\" content=\"3 minutes\" \/>\n<script type=\"application\/ld+json\" class=\"yoast-schema-graph\">{\"@context\":\"https:\/\/schema.org\",\"@graph\":[{\"@type\":\"Article\",\"@id\":\"https:\/\/rawmco.com\/en\/precios-moderados-para-los-alimentos\/#article\",\"isPartOf\":{\"@id\":\"https:\/\/rawmco.com\/en\/precios-moderados-para-los-alimentos\/\"},\"author\":{\"name\":\"jorgesalazq@gmail.com\",\"@id\":\"https:\/\/rawmco.com\/en\/#\/schema\/person\/7414d7259f7ce29983ccf3bf1fac6d9a\"},\"headline\":\"Precios moderados para los alimentos\",\"datePublished\":\"2023-06-20T16:16:37+00:00\",\"dateModified\":\"2023-06-20T16:16:37+00:00\",\"mainEntityOfPage\":{\"@id\":\"https:\/\/rawmco.com\/en\/precios-moderados-para-los-alimentos\/\"},\"wordCount\":597,\"commentCount\":0,\"publisher\":{\"@id\":\"https:\/\/rawmco.com\/en\/#organization\"},\"articleSection\":[\"General\"],\"inLanguage\":\"en-US\",\"potentialAction\":[{\"@type\":\"CommentAction\",\"name\":\"Comment\",\"target\":[\"https:\/\/rawmco.com\/en\/precios-moderados-para-los-alimentos\/#respond\"]}]},{\"@type\":\"WebPage\",\"@id\":\"https:\/\/rawmco.com\/en\/precios-moderados-para-los-alimentos\/\",\"url\":\"https:\/\/rawmco.com\/en\/precios-moderados-para-los-alimentos\/\",\"name\":\"Precios moderados para los alimentos - Rawmco\",\"isPartOf\":{\"@id\":\"https:\/\/rawmco.com\/en\/#website\"},\"datePublished\":\"2023-06-20T16:16:37+00:00\",\"dateModified\":\"2023-06-20T16:16:37+00:00\",\"breadcrumb\":{\"@id\":\"https:\/\/rawmco.com\/en\/precios-moderados-para-los-alimentos\/#breadcrumb\"},\"inLanguage\":\"en-US\",\"potentialAction\":[{\"@type\":\"ReadAction\",\"target\":[\"https:\/\/rawmco.com\/en\/precios-moderados-para-los-alimentos\/\"]}]},{\"@type\":\"BreadcrumbList\",\"@id\":\"https:\/\/rawmco.com\/en\/precios-moderados-para-los-alimentos\/#breadcrumb\",\"itemListElement\":[{\"@type\":\"ListItem\",\"position\":1,\"name\":\"INICIO\",\"item\":\"https:\/\/rawmco.com\/en\/\"},{\"@type\":\"ListItem\",\"position\":2,\"name\":\"Precios moderados para los alimentos\"}]},{\"@type\":\"WebSite\",\"@id\":\"https:\/\/rawmco.com\/en\/#website\",\"url\":\"https:\/\/rawmco.com\/en\/\",\"name\":\"Rawmco\",\"description\":\"Materias Primas Colombia\",\"publisher\":{\"@id\":\"https:\/\/rawmco.com\/en\/#organization\"},\"potentialAction\":[{\"@type\":\"SearchAction\",\"target\":{\"@type\":\"EntryPoint\",\"urlTemplate\":\"https:\/\/rawmco.com\/en\/?s={search_term_string}\"},\"query-input\":\"required name=search_term_string\"}],\"inLanguage\":\"en-US\"},{\"@type\":\"Organization\",\"@id\":\"https:\/\/rawmco.com\/en\/#organization\",\"name\":\"Rawmco\",\"url\":\"https:\/\/rawmco.com\/en\/\",\"logo\":{\"@type\":\"ImageObject\",\"inLanguage\":\"en-US\",\"@id\":\"https:\/\/rawmco.com\/en\/#\/schema\/logo\/image\/\",\"url\":\"https:\/\/rawmco.com\/wp-content\/uploads\/2023\/06\/logo-rawmco.png\",\"contentUrl\":\"https:\/\/rawmco.com\/wp-content\/uploads\/2023\/06\/logo-rawmco.png\",\"width\":494,\"height\":104,\"caption\":\"Rawmco\"},\"image\":{\"@id\":\"https:\/\/rawmco.com\/en\/#\/schema\/logo\/image\/\"}},{\"@type\":\"Person\",\"@id\":\"https:\/\/rawmco.com\/en\/#\/schema\/person\/7414d7259f7ce29983ccf3bf1fac6d9a\",\"name\":\"jorgesalazq@gmail.com\",\"image\":{\"@type\":\"ImageObject\",\"inLanguage\":\"en-US\",\"@id\":\"https:\/\/rawmco.com\/en\/#\/schema\/person\/image\/\",\"url\":\"https:\/\/secure.gravatar.com\/avatar\/2e62c7e94176d1b0a564939bfcd807df?s=96&d=mm&r=g\",\"contentUrl\":\"https:\/\/secure.gravatar.com\/avatar\/2e62c7e94176d1b0a564939bfcd807df?s=96&d=mm&r=g\",\"caption\":\"jorgesalazq@gmail.com\"},\"url\":\"https:\/\/rawmco.com\/en\/author\/jorgesalazqgmail-com\/\"}]}<\/script>\n<!-- \/ Yoast SEO plugin. -->","yoast_head_json":{"title":"Precios moderados para los alimentos - Rawmco","robots":{"index":"index","follow":"follow","max-snippet":"max-snippet:-1","max-image-preview":"max-image-preview:large","max-video-preview":"max-video-preview:-1"},"canonical":"https:\/\/rawmco.com\/en\/precios-moderados-para-los-alimentos\/","og_locale":"en_US","og_type":"article","og_title":"Precios moderados para los alimentos - Rawmco","og_description":"Los precios de los alimentos registraron un incremento bajo durante el a\u00f1o pasado y se espera que en el 2018...","og_url":"https:\/\/rawmco.com\/en\/precios-moderados-para-los-alimentos\/","og_site_name":"Rawmco","article_published_time":"2023-06-20T16:16:37+00:00","author":"jorgesalazq@gmail.com","twitter_card":"summary_large_image","twitter_misc":{"Written by":"jorgesalazq@gmail.com","Est. reading time":"3 minutes"},"schema":{"@context":"https:\/\/schema.org","@graph":[{"@type":"Article","@id":"https:\/\/rawmco.com\/en\/precios-moderados-para-los-alimentos\/#article","isPartOf":{"@id":"https:\/\/rawmco.com\/en\/precios-moderados-para-los-alimentos\/"},"author":{"name":"jorgesalazq@gmail.com","@id":"https:\/\/rawmco.com\/en\/#\/schema\/person\/7414d7259f7ce29983ccf3bf1fac6d9a"},"headline":"Precios moderados para los alimentos","datePublished":"2023-06-20T16:16:37+00:00","dateModified":"2023-06-20T16:16:37+00:00","mainEntityOfPage":{"@id":"https:\/\/rawmco.com\/en\/precios-moderados-para-los-alimentos\/"},"wordCount":597,"commentCount":0,"publisher":{"@id":"https:\/\/rawmco.com\/en\/#organization"},"articleSection":["General"],"inLanguage":"en-US","potentialAction":[{"@type":"CommentAction","name":"Comment","target":["https:\/\/rawmco.com\/en\/precios-moderados-para-los-alimentos\/#respond"]}]},{"@type":"WebPage","@id":"https:\/\/rawmco.com\/en\/precios-moderados-para-los-alimentos\/","url":"https:\/\/rawmco.com\/en\/precios-moderados-para-los-alimentos\/","name":"Precios moderados para los alimentos - Rawmco","isPartOf":{"@id":"https:\/\/rawmco.com\/en\/#website"},"datePublished":"2023-06-20T16:16:37+00:00","dateModified":"2023-06-20T16:16:37+00:00","breadcrumb":{"@id":"https:\/\/rawmco.com\/en\/precios-moderados-para-los-alimentos\/#breadcrumb"},"inLanguage":"en-US","potentialAction":[{"@type":"ReadAction","target":["https:\/\/rawmco.com\/en\/precios-moderados-para-los-alimentos\/"]}]},{"@type":"BreadcrumbList","@id":"https:\/\/rawmco.com\/en\/precios-moderados-para-los-alimentos\/#breadcrumb","itemListElement":[{"@type":"ListItem","position":1,"name":"INICIO","item":"https:\/\/rawmco.com\/en\/"},{"@type":"ListItem","position":2,"name":"Precios moderados para los alimentos"}]},{"@type":"WebSite","@id":"https:\/\/rawmco.com\/en\/#website","url":"https:\/\/rawmco.com\/en\/","name":"Rawmco","description":"Materias Primas Colombia","publisher":{"@id":"https:\/\/rawmco.com\/en\/#organization"},"potentialAction":[{"@type":"SearchAction","target":{"@type":"EntryPoint","urlTemplate":"https:\/\/rawmco.com\/en\/?s={search_term_string}"},"query-input":"required name=search_term_string"}],"inLanguage":"en-US"},{"@type":"Organization","@id":"https:\/\/rawmco.com\/en\/#organization","name":"Rawmco","url":"https:\/\/rawmco.com\/en\/","logo":{"@type":"ImageObject","inLanguage":"en-US","@id":"https:\/\/rawmco.com\/en\/#\/schema\/logo\/image\/","url":"https:\/\/rawmco.com\/wp-content\/uploads\/2023\/06\/logo-rawmco.png","contentUrl":"https:\/\/rawmco.com\/wp-content\/uploads\/2023\/06\/logo-rawmco.png","width":494,"height":104,"caption":"Rawmco"},"image":{"@id":"https:\/\/rawmco.com\/en\/#\/schema\/logo\/image\/"}},{"@type":"Person","@id":"https:\/\/rawmco.com\/en\/#\/schema\/person\/7414d7259f7ce29983ccf3bf1fac6d9a","name":"jorgesalazq@gmail.com","image":{"@type":"ImageObject","inLanguage":"en-US","@id":"https:\/\/rawmco.com\/en\/#\/schema\/person\/image\/","url":"https:\/\/secure.gravatar.com\/avatar\/2e62c7e94176d1b0a564939bfcd807df?s=96&d=mm&r=g","contentUrl":"https:\/\/secure.gravatar.com\/avatar\/2e62c7e94176d1b0a564939bfcd807df?s=96&d=mm&r=g","caption":"jorgesalazq@gmail.com"},"url":"https:\/\/rawmco.com\/en\/author\/jorgesalazqgmail-com\/"}]}},"_links":{"self":[{"href":"https:\/\/rawmco.com\/en\/wp-json\/wp\/v2\/posts\/1657"}],"collection":[{"href":"https:\/\/rawmco.com\/en\/wp-json\/wp\/v2\/posts"}],"about":[{"href":"https:\/\/rawmco.com\/en\/wp-json\/wp\/v2\/types\/post"}],"author":[{"embeddable":true,"href":"https:\/\/rawmco.com\/en\/wp-json\/wp\/v2\/users\/2"}],"replies":[{"embeddable":true,"href":"https:\/\/rawmco.com\/en\/wp-json\/wp\/v2\/comments?post=1657"}],"version-history":[{"count":0,"href":"https:\/\/rawmco.com\/en\/wp-json\/wp\/v2\/posts\/1657\/revisions"}],"wp:featuredmedia":[{"embeddable":true,"href":"https:\/\/rawmco.com\/en\/wp-json\/wp\/v2\/media\/996"}],"wp:attachment":[{"href":"https:\/\/rawmco.com\/en\/wp-json\/wp\/v2\/media?parent=1657"}],"wp:term":[{"taxonomy":"category","embeddable":true,"href":"https:\/\/rawmco.com\/en\/wp-json\/wp\/v2\/categories?post=1657"},{"taxonomy":"post_tag","embeddable":true,"href":"https:\/\/rawmco.com\/en\/wp-json\/wp\/v2\/tags?post=1657"}],"curies":[{"name":"wp","href":"https:\/\/api.w.org\/{rel}","templated":true}]}}